
{"id":4674,"date":"2022-06-09T15:46:17","date_gmt":"2022-06-09T13:46:17","guid":{"rendered":"https:\/\/rezult.pro\/?p=4674"},"modified":"2022-06-24T15:38:45","modified_gmt":"2022-06-24T13:38:45","slug":"%d1%83%d1%87%d0%b0%d1%81%d1%82%d1%8c-%d1%83-%d0%bc%d1%96%d0%b6%d0%bd%d0%b0%d1%80%d0%be%d0%b4%d0%bd%d1%96%d0%b9-%d0%b2%d0%b8%d1%81%d1%82%d0%b0%d0%b2%d1%86%d1%96-meble-polska-2022","status":"publish","type":"post","link":"https:\/\/rezult.pro\/pl\/%d1%83%d1%87%d0%b0%d1%81%d1%82%d1%8c-%d1%83-%d0%bc%d1%96%d0%b6%d0%bd%d0%b0%d1%80%d0%be%d0%b4%d0%bd%d1%96%d0%b9-%d0%b2%d0%b8%d1%81%d1%82%d0%b0%d0%b2%d1%86%d1%96-meble-polska-2022\/","title":{"rendered":"Udzia\u0142 w mi\u0119dzynarodowych targach Meble Polska 2022"},"content":{"rendered":"<p>Z 16 do 19 maja w mie\u015bcie Pozna\u0144, Polska odby\u0142y si\u0119 mi\u0119dzynarodowe targi\u00a0meblowe &#8211; Meble\u00a0Polska. My, firma\u00a0Rezult, byli\u015bmy jednym z uczestnik\u00f3w plac\u00f3wki nacjonalnej Ukrai\u0144skiej Asocjacji Producent\u00f3w\u00a0mebli &#8211; Fruniture\u00a0of\u00a0Ukraine<\/p>\n<p><img loading=\"lazy\" class=\"alignnone size-medium wp-image-4676\" data-src=\"https:\/\/rezult.pro\/wp-content\/uploads\/2022\/06\/photo5264756820105345698-293x300.jpg\" alt=\"\" width=\"293\" height=\"300\" data-srcset=\"https:\/\/rezult.pro\/wp-content\/uploads\/2022\/06\/photo5264756820105345698-293x300.jpg 293w, https:\/\/rezult.pro\/wp-content\/uploads\/2022\/06\/photo5264756820105345698-768x787.jpg 768w, https:\/\/rezult.pro\/wp-content\/uploads\/2022\/06\/photo5264756820105345698.jpg 960w\" sizes=\"(max-width: 293px) 100vw, 293px\" \/>\u00a0<img loading=\"lazy\" class=\"alignnone size-medium wp-image-4677\" data-src=\"https:\/\/rezult.pro\/wp-content\/uploads\/2022\/06\/photo5264756820105345697-225x300.jpg\" alt=\"\" width=\"225\" height=\"300\" data-srcset=\"https:\/\/rezult.pro\/wp-content\/uploads\/2022\/06\/photo5264756820105345697-225x300.jpg 225w, https:\/\/rezult.pro\/wp-content\/uploads\/2022\/06\/photo5264756820105345697-768x1024.jpg 768w, https:\/\/rezult.pro\/wp-content\/uploads\/2022\/06\/photo5264756820105345697-810x1080.jpg 810w, https:\/\/rezult.pro\/wp-content\/uploads\/2022\/06\/photo5264756820105345697.jpg 960w\" sizes=\"(max-width: 225px) 100vw, 225px\" \/><\/p>\n<p>Nasz\u0105 stoisko odwiedzili przedstawiciele r\u00f3\u017cnych firm z kraj\u00f3w Europejskich oraz \u015bwiatowych, takich jak: Polska, Rumunia, Bu\u0142garia, Litwa, \u0141otwa, Estonia, Finlandia, Wielka Brytania, Izrael, Szwecja, Dania, Stany zjednoczone i inne.<\/p>\n<p><img loading=\"lazy\" class=\"alignnone size-medium wp-image-4680\" data-src=\"https:\/\/rezult.pro\/wp-content\/uploads\/2022\/06\/photo5264756820105345704-300x225.jpg\" alt=\"\" width=\"300\" height=\"225\" data-srcset=\"https:\/\/rezult.pro\/wp-content\/uploads\/2022\/06\/photo5264756820105345704-300x225.jpg 300w, https:\/\/rezult.pro\/wp-content\/uploads\/2022\/06\/photo5264756820105345704-1024x768.jpg 1024w, https:\/\/rezult.pro\/wp-content\/uploads\/2022\/06\/photo5264756820105345704-768x576.jpg 768w, https:\/\/rezult.pro\/wp-content\/uploads\/2022\/06\/photo5264756820105345704.jpg 1280w\" sizes=\"(max-width: 300px) 100vw, 300px\" \/>\u00a0 \u00a0<img loading=\"lazy\" class=\"alignnone wp-image-4683\" data-src=\"https:\/\/rezult.pro\/wp-content\/uploads\/2022\/06\/photo5193172376844614576-225x300.jpg\" alt=\"\" width=\"167\" height=\"223\" data-srcset=\"https:\/\/rezult.pro\/wp-content\/uploads\/2022\/06\/photo5193172376844614576-225x300.jpg 225w, https:\/\/rezult.pro\/wp-content\/uploads\/2022\/06\/photo5193172376844614576-768x1024.jpg 768w, https:\/\/rezult.pro\/wp-content\/uploads\/2022\/06\/photo5193172376844614576-810x1080.jpg 810w, https:\/\/rezult.pro\/wp-content\/uploads\/2022\/06\/photo5193172376844614576.jpg 960w\" sizes=\"(max-width: 167px) 100vw, 167px\" \/><\/p>\n<p>W ci\u0105gu tych 4 dni nasz odwiedzili ponad 300 firm. Byli\u015bmy serdecznie szcz\u0119\u015bliwe widzie\u0107 si\u0119 z naszymi sta\u0142ymi partnerami oraz pozna\u0107 nowych partner\u00f3w. Dru\u017cyna stoiska Furniture of Ukraine zosta\u0142a nagrodzona &#8211; Acanthus Aureus. T\u0119 nagrod\u0119 dostaj\u0105 uczestniki targ\u00f3w, kt\u00f3rzy lepiej od innych rozumiej\u0105, jak nowoczesny marketing targowy formuje imi\u0119 Firmy. My byli\u015bmy bardzo poruszone tym, \u017ce bardzo wielka liczba go\u015bci przyjechali wy\u0142\u0105cznie na spotkanie do nas.<\/p>\n<p><img loading=\"lazy\" class=\"alignnone size-medium wp-image-4678\" data-src=\"https:\/\/rezult.pro\/wp-content\/uploads\/2022\/06\/photo5264756820105345707-225x300.jpg\" alt=\"\" width=\"225\" height=\"300\" data-srcset=\"https:\/\/rezult.pro\/wp-content\/uploads\/2022\/06\/photo5264756820105345707-225x300.jpg 225w, https:\/\/rezult.pro\/wp-content\/uploads\/2022\/06\/photo5264756820105345707-768x1024.jpg 768w, https:\/\/rezult.pro\/wp-content\/uploads\/2022\/06\/photo5264756820105345707-810x1080.jpg 810w, https:\/\/rezult.pro\/wp-content\/uploads\/2022\/06\/photo5264756820105345707.jpg 960w\" sizes=\"(max-width: 225px) 100vw, 225px\" \/>\u00a0\u00a0<img loading=\"lazy\" class=\"alignnone size-medium wp-image-4679\" data-src=\"https:\/\/rezult.pro\/wp-content\/uploads\/2022\/06\/photo5264756820105345705-225x300.jpg\" alt=\"\" width=\"225\" height=\"300\" data-srcset=\"https:\/\/rezult.pro\/wp-content\/uploads\/2022\/06\/photo5264756820105345705-225x300.jpg 225w, https:\/\/rezult.pro\/wp-content\/uploads\/2022\/06\/photo5264756820105345705-768x1024.jpg 768w, https:\/\/rezult.pro\/wp-content\/uploads\/2022\/06\/photo5264756820105345705-810x1080.jpg 810w, https:\/\/rezult.pro\/wp-content\/uploads\/2022\/06\/photo5264756820105345705.jpg 960w\" sizes=\"(max-width: 225px) 100vw, 225px\" \/><\/p>\n<p>Jeste\u015bmy bardzo wdzi\u0119czni Ukrai\u0144skiej Asocjacji Producent\u00f3w Mebli za zaproszenie wzi\u0119cia udzia\u0142u w targach, kt\u00f3rych organizacja by\u0142a na bardzo wysokim poziomie. Istnieje wiele legend o tym, jak Polacy przyjmuj\u0105 Ukrai\u0144c\u00f3w. Z niecierpliwo\u015bci\u0105 czekamy na spotkanie na targach Meble Polska 2023, do zobaczenia.<\/p>","protected":false},"excerpt":{"rendered":"<p>Z 16 do 19 maja w mie\u015bcie Pozna\u0144, Polska odby\u0142y si\u0119 mi\u0119dzynarodowe targi\u00a0meblowe &#8211; Meble\u00a0Polska. My, firma\u00a0Rezult, byli\u015bmy jednym z uczestnik\u00f3w plac\u00f3wki nacjonalnej Ukrai\u0144skiej Asocjacji Producent\u00f3w\u00a0mebli &#8211; Fruniture\u00a0of\u00a0Ukraine \u00a0 Nasz\u0105 stoisko odwiedzili przedstawiciele r\u00f3\u017cnych firm z kraj\u00f3w Europejskich oraz \u015bwiatowych, takich jak: Polska, Rumunia, Bu\u0142garia, Litwa, \u0141otwa, Estonia, Finlandia, Wielka Brytania, Izrael, Szwecja, Dania, Stany [&hellip;]<\/p>\n","protected":false},"author":6,"featured_media":0,"comment_status":"open","ping_status":"open","sticky":false,"template":"","format":"standard","meta":[],"categories":[1],"tags":[],"acf":[],"_links":{"self":[{"href":"https:\/\/rezult.pro\/pl\/wp-json\/wp\/v2\/posts\/4674"}],"collection":[{"href":"https:\/\/rezult.pro\/pl\/wp-json\/wp\/v2\/posts"}],"about":[{"href":"https:\/\/rezult.pro\/pl\/wp-json\/wp\/v2\/types\/post"}],"author":[{"embeddable":true,"href":"https:\/\/rezult.pro\/pl\/wp-json\/wp\/v2\/users\/6"}],"replies":[{"embeddable":true,"href":"https:\/\/rezult.pro\/pl\/wp-json\/wp\/v2\/comments?post=4674"}],"version-history":[{"count":0,"href":"https:\/\/rezult.pro\/pl\/wp-json\/wp\/v2\/posts\/4674\/revisions"}],"wp:attachment":[{"href":"https:\/\/rezult.pro\/pl\/wp-json\/wp\/v2\/media?parent=4674"}],"wp:term":[{"taxonomy":"category","embeddable":true,"href":"https:\/\/rezult.pro\/pl\/wp-json\/wp\/v2\/categories?post=4674"},{"taxonomy":"post_tag","embeddable":true,"href":"https:\/\/rezult.pro\/pl\/wp-json\/wp\/v2\/tags?post=4674"}],"curies":[{"name":"wp","href":"https:\/\/api.w.org\/{rel}","templated":true}]}}